{"id":33,"count":0,"description":"","link":"https:\/\/www.fermedupoitou.fr\/en\/tag\/fermeduchampduparc-en\/","name":"fermeduchampduparc","slug":"fermeduchampduparc-en","taxonomy":"post_tag","meta":[],"yoast_head":"<!-- This site is optimized with the Yoast SEO plugin v27.4 - https:\/\/yoast.com\/product\/yoast-seo-wordpress\/ -->\n<title>Archives des fermeduchampduparc - Ferme du Champ du Parc<\/title>\n<meta name=\"robots\" content=\"index, follow, max-snippet:-1, max-image-preview:large, max-video-preview:-1\" \/>\n<link rel=\"canonical\" href=\"https:\/\/www.fermedupoitou.fr\/en\/tag\/fermeduchampduparc-en\/\" \/>\n<meta name=\"twitter:card\" content=\"summary_large_image\" \/>\n<meta name=\"twitter:title\" content=\"Archives des fermeduchampduparc - Ferme du Champ du Parc\" \/>\n<script type=\"application\/ld+json\" class=\"yoast-schema-graph\">{\"@context\":\"https:\\\/\\\/schema.org\",\"@graph\":[{\"@type\":\"CollectionPage\",\"@id\":\"https:\\\/\\\/www.fermedupoitou.fr\\\/en\\\/tag\\\/fermeduchampduparc-en\\\/\",\"url\":\"https:\\\/\\\/www.fermedupoitou.fr\\\/en\\\/tag\\\/fermeduchampduparc-en\\\/\",\"name\":\"Archives des fermeduchampduparc - Ferme du Champ du Parc\",\"isPartOf\":{\"@id\":\"https:\\\/\\\/www.fermedupoitou.fr\\\/en\\\/#website\"},\"breadcrumb\":{\"@id\":\"https:\\\/\\\/www.fermedupoitou.fr\\\/en\\\/tag\\\/fermeduchampduparc-en\\\/#breadcrumb\"},\"inLanguage\":\"en-US\"},{\"@type\":\"BreadcrumbList\",\"@id\":\"https:\\\/\\\/www.fermedupoitou.fr\\\/en\\\/tag\\\/fermeduchampduparc-en\\\/#breadcrumb\",\"itemListElement\":[{\"@type\":\"ListItem\",\"position\":1,\"name\":\"Home\",\"item\":\"https:\\\/\\\/www.fermedupoitou.fr\\\/en\\\/amp\\\/\"},{\"@type\":\"ListItem\",\"position\":2,\"name\":\"fermeduchampduparc\"}]},{\"@type\":\"WebSite\",\"@id\":\"https:\\\/\\\/www.fermedupoitou.fr\\\/en\\\/#website\",\"url\":\"https:\\\/\\\/www.fermedupoitou.fr\\\/en\\\/\",\"name\":\"Ferme du Champ du Parc\",\"description\":\"Location de g\u00eete en Poitou-Charentes. Dans le village de Cr\u00e9zi\u00e8res, nous vous ferons visiter notre ferme poitevine (baudets du Poitou, ch\u00e8vres, poules de marans).\",\"publisher\":{\"@id\":\"https:\\\/\\\/www.fermedupoitou.fr\\\/en\\\/#organization\"},\"potentialAction\":[{\"@type\":\"SearchAction\",\"target\":{\"@type\":\"EntryPoint\",\"urlTemplate\":\"https:\\\/\\\/www.fermedupoitou.fr\\\/en\\\/?s={search_term_string}\"},\"query-input\":{\"@type\":\"PropertyValueSpecification\",\"valueRequired\":true,\"valueName\":\"search_term_string\"}}],\"inLanguage\":\"en-US\"},{\"@type\":\"Organization\",\"@id\":\"https:\\\/\\\/www.fermedupoitou.fr\\\/en\\\/#organization\",\"name\":\"La Ferme du Champ du Parc - Asinerie de Ouismes\",\"url\":\"https:\\\/\\\/www.fermedupoitou.fr\\\/en\\\/\",\"logo\":{\"@type\":\"ImageObject\",\"inLanguage\":\"en-US\",\"@id\":\"https:\\\/\\\/www.fermedupoitou.fr\\\/en\\\/#\\\/schema\\\/logo\\\/image\\\/\",\"url\":\"https:\\\/\\\/www.fermedupoitou.fr\\\/wp-content\\\/uploads\\\/2020\\\/04\\\/logo.png\",\"contentUrl\":\"https:\\\/\\\/www.fermedupoitou.fr\\\/wp-content\\\/uploads\\\/2020\\\/04\\\/logo.png\",\"width\":355,\"height\":416,\"caption\":\"La Ferme du Champ du Parc - Asinerie de Ouismes\"},\"image\":{\"@id\":\"https:\\\/\\\/www.fermedupoitou.fr\\\/en\\\/#\\\/schema\\\/logo\\\/image\\\/\"},\"sameAs\":[\"https:\\\/\\\/www.facebook.com\\\/fermeduchampduparc.asineriedeouismes\"]}]}<\/script>\n<!-- \/ Yoast SEO plugin. -->","yoast_head_json":{"title":"Archives des fermeduchampduparc - Ferme du Champ du Parc","robots":{"index":"index","follow":"follow","max-snippet":"max-snippet:-1","max-image-preview":"max-image-preview:large","max-video-preview":"max-video-preview:-1"},"canonical":"https:\/\/www.fermedupoitou.fr\/en\/tag\/fermeduchampduparc-en\/","twitter_card":"summary_large_image","twitter_title":"Archives des fermeduchampduparc - Ferme du Champ du Parc","schema":{"@context":"https:\/\/schema.org","@graph":[{"@type":"CollectionPage","@id":"https:\/\/www.fermedupoitou.fr\/en\/tag\/fermeduchampduparc-en\/","url":"https:\/\/www.fermedupoitou.fr\/en\/tag\/fermeduchampduparc-en\/","name":"Archives des fermeduchampduparc - Ferme du Champ du Parc","isPartOf":{"@id":"https:\/\/www.fermedupoitou.fr\/en\/#website"},"breadcrumb":{"@id":"https:\/\/www.fermedupoitou.fr\/en\/tag\/fermeduchampduparc-en\/#breadcrumb"},"inLanguage":"en-US"},{"@type":"BreadcrumbList","@id":"https:\/\/www.fermedupoitou.fr\/en\/tag\/fermeduchampduparc-en\/#breadcrumb","itemListElement":[{"@type":"ListItem","position":1,"name":"Home","item":"https:\/\/www.fermedupoitou.fr\/en\/amp\/"},{"@type":"ListItem","position":2,"name":"fermeduchampduparc"}]},{"@type":"WebSite","@id":"https:\/\/www.fermedupoitou.fr\/en\/#website","url":"https:\/\/www.fermedupoitou.fr\/en\/","name":"Ferme du Champ du Parc","description":"Location de g\u00eete en Poitou-Charentes. Dans le village de Cr\u00e9zi\u00e8res, nous vous ferons visiter notre ferme poitevine (baudets du Poitou, ch\u00e8vres, poules de marans).","publisher":{"@id":"https:\/\/www.fermedupoitou.fr\/en\/#organization"},"potentialAction":[{"@type":"SearchAction","target":{"@type":"EntryPoint","urlTemplate":"https:\/\/www.fermedupoitou.fr\/en\/?s={search_term_string}"},"query-input":{"@type":"PropertyValueSpecification","valueRequired":true,"valueName":"search_term_string"}}],"inLanguage":"en-US"},{"@type":"Organization","@id":"https:\/\/www.fermedupoitou.fr\/en\/#organization","name":"La Ferme du Champ du Parc - Asinerie de Ouismes","url":"https:\/\/www.fermedupoitou.fr\/en\/","logo":{"@type":"ImageObject","inLanguage":"en-US","@id":"https:\/\/www.fermedupoitou.fr\/en\/#\/schema\/logo\/image\/","url":"https:\/\/www.fermedupoitou.fr\/wp-content\/uploads\/2020\/04\/logo.png","contentUrl":"https:\/\/www.fermedupoitou.fr\/wp-content\/uploads\/2020\/04\/logo.png","width":355,"height":416,"caption":"La Ferme du Champ du Parc - Asinerie de Ouismes"},"image":{"@id":"https:\/\/www.fermedupoitou.fr\/en\/#\/schema\/logo\/image\/"},"sameAs":["https:\/\/www.facebook.com\/fermeduchampduparc.asineriedeouismes"]}]}},"_links":{"self":[{"href":"https:\/\/www.fermedupoitou.fr\/en\/wp-json\/wp\/v2\/tags\/33","targetHints":{"allow":["GET"]}}],"collection":[{"href":"https:\/\/www.fermedupoitou.fr\/en\/wp-json\/wp\/v2\/tags"}],"about":[{"href":"https:\/\/www.fermedupoitou.fr\/en\/wp-json\/wp\/v2\/taxonomies\/post_tag"}],"wp:post_type":[{"href":"https:\/\/www.fermedupoitou.fr\/en\/wp-json\/wp\/v2\/posts?tags=33"}],"curies":[{"name":"wp","href":"https:\/\/api.w.org\/{rel}","templated":true}]}}